{"id":2678,"date":"2022-07-12T11:44:21","date_gmt":"2022-07-12T09:44:21","guid":{"rendered":"https:\/\/redico.eu\/erste-redico-e-co-konferenz-konferenzbericht\/"},"modified":"2022-07-13T09:07:55","modified_gmt":"2022-07-13T07:07:55","slug":"erste-redico-e-co-konferenz-konferenzbericht","status":"publish","type":"post","link":"https:\/\/redico.eu\/de\/erste-redico-e-co-konferenz-konferenzbericht\/","title":{"rendered":"Erste ReDICo E-Co-Konferenz: Konferenzbericht"},"content":{"rendered":"<p>[et_pb_section fb_built=&#8220;1&#8243; _builder_version=&#8220;4.16&#8243; _module_preset=&#8220;default&#8220; global_colors_info=&#8220;{}&#8220;][et_pb_row _builder_version=&#8220;4.16&#8243; _module_preset=&#8220;default&#8220; global_colors_info=&#8220;{}&#8220;][et_pb_column type=&#8220;4_4&#8243; _builder_version=&#8220;4.16&#8243; _module_preset=&#8220;default&#8220; global_colors_info=&#8220;{}&#8220;][et_pb_text _builder_version=&#8220;4.16.0&#8243; _module_preset=&#8220;default&#8220; text_font=&#8220;|300|on||||||&#8220; text_font_size=&#8220;10px&#8220; hover_enabled=&#8220;0&#8243; locked=&#8220;off&#8220; global_colors_info=&#8220;{}&#8220; sticky_enabled=&#8220;0&#8243;]<\/p>\n<p>Quelle: <span style=\"font-weight: 400;\">Akemi Paz, CC-NC-BY<\/span><\/p>\n<p>[\/et_pb_text][et_pb_text _builder_version=&#8220;4.16.0&#8243; _module_preset=&#8220;default&#8220; global_colors_info=&#8220;{}&#8220;]<\/p>\n<p><span style=\"font-weight: 400;\">Vom 29. Juni bis 1. Juli 2022 veranstaltete das vom Bundesministerium f\u00fcr Bildung und Forschung gef\u00f6rderte Verbundprojekt &#8222;ReDICo: Researching Digital Interculturality Co-operatively&#8220; seine erste E-Co-Konferenz. <\/span><\/p>\n<p><span style=\"font-weight: 400;\">Das Thema war &#8222;Lifewide Learning: Transformations and New Connections in Postdigital Societies&#8220;. Gem\u00e4\u00df der Idee einer ressourcenschonenden und kooperativen Konferenz &#8211; einer E-Co-Konferenz &#8211; fand sie in hybrider Form statt, die Bestandteile einer Online-Konferenz mit denen einer Pr\u00e4senz-Konferenz miteinander verband. Dabei kooperierte die Universit\u00e4t Jena als Ausrichterin an den ersten beiden Tagen mit der Hellenic Open University aus Griechenland. <\/span><\/p>\n<p><span style=\"font-weight: 400;\">F\u00fcr diese akademischen Veranstaltung wurden drei verschiedene Konferenzformen angenommen: Am 29. Juni fand die Konferenz ausschlie\u00dflich online via Zoom statt, w\u00e4hrend sie am 30. Juni eine hybride Form annahm, bei der Pr\u00e4sentierende und ein interessiertes Publikum im Konferenzzentrum der Dornburger Schl\u00f6sser in der N\u00e4he von Jena mit Online-Pr\u00e4sentierenden und Diskutant:innen aus der ganzen Welt zusammenkamen. Darunter waren Teilnehmer:innen und Pr\u00e4sentierende aus Albanien, Frankreich, Griechenland, Italien, Malta, Pakistan und nat\u00fcrlich Deutschland. Die Veranstaltungen am 1. Juli nahmen in den Dornburger Schl\u00f6ssern einen eher &#8222;lokalen&#8220; Charakter an, wobei der Tag haupts\u00e4chlich J\u00fcrgen Bolten, langj\u00e4hriger Professor an der Universit\u00e4t Jena und Begr\u00fcnder des Fachs Interkulturelle Kommunikation in Jena, gewidmet war. Der dritte Tag war ebenfalls auf pers\u00f6nliche Kontakte ausgelegt und st\u00fctzte sich vor allem auf zahlreiche Pr\u00e4sentierende, die der Universit\u00e4t Jena angeh\u00f6ren oder mit ihr verbunden sind. <\/span><\/p>\n<p><span style=\"font-weight: 400;\">Einen ausf\u00fchrlichen Konferenzbericht (auf Englisch) k\u00f6nnen Sie hier einsehen: <\/span><\/p>\n<p><a class=\"et_pb_button\" href=\"https:\/\/redico.eu\/wp-content\/uploads\/2022\/07\/First-E-Co-Conference-Report.pdf\" target=\"_blank\" rel=\"noopener\">ausf\u00fchrlicher Konferenzbericht<\/a><\/p>\n<p>\u200b<\/p>\n<p>[\/et_pb_text][\/et_pb_column][\/et_pb_row][\/et_pb_section]<\/p>\n","protected":false},"excerpt":{"rendered":"<p>Vom 29. Juni bis 1. Juli 2022 veranstaltete das vom Bundesministerium f\u00fcr Bildung und Forschung gef\u00f6rderte Verbundprojekt &#8222;ReDICo: Researching Digital Interculturality Co-operatively&#8220; seine erste E-Co-Konferenz. Das Thema war &#8222;Lifewide Learning: Transformations and New Connections in Postdigital Societies&#8220;.<\/p>\n","protected":false},"author":4,"featured_media":2674,"comment_status":"closed","ping_status":"closed","sticky":false,"template":"","format":"standard","meta":{"_et_pb_use_builder":"on","_et_pb_old_content":"","_et_gb_content_width":"","footnotes":""},"categories":[1],"tags":[],"_links":{"self":[{"href":"https:\/\/redico.eu\/de\/wp-json\/wp\/v2\/posts\/2678"}],"collection":[{"href":"https:\/\/redico.eu\/de\/wp-json\/wp\/v2\/posts"}],"about":[{"href":"https:\/\/redico.eu\/de\/wp-json\/wp\/v2\/types\/post"}],"author":[{"embeddable":true,"href":"https:\/\/redico.eu\/de\/wp-json\/wp\/v2\/users\/4"}],"replies":[{"embeddable":true,"href":"https:\/\/redico.eu\/de\/wp-json\/wp\/v2\/comments?post=2678"}],"version-history":[{"count":8,"href":"https:\/\/redico.eu\/de\/wp-json\/wp\/v2\/posts\/2678\/revisions"}],"predecessor-version":[{"id":2711,"href":"https:\/\/redico.eu\/de\/wp-json\/wp\/v2\/posts\/2678\/revisions\/2711"}],"wp:featuredmedia":[{"embeddable":true,"href":"https:\/\/redico.eu\/de\/wp-json\/wp\/v2\/media\/2674"}],"wp:attachment":[{"href":"https:\/\/redico.eu\/de\/wp-json\/wp\/v2\/media?parent=2678"}],"wp:term":[{"taxonomy":"category","embeddable":true,"href":"https:\/\/redico.eu\/de\/wp-json\/wp\/v2\/categories?post=2678"},{"taxonomy":"post_tag","embeddable":true,"href":"https:\/\/redico.eu\/de\/wp-json\/wp\/v2\/tags?post=2678"}],"curies":[{"name":"wp","href":"https:\/\/api.w.org\/{rel}","templated":true}]}}