{"id":2813,"date":"2022-10-26T14:51:40","date_gmt":"2022-10-26T12:51:40","guid":{"rendered":"https:\/\/redico.eu\/guest-lecture-at-the-university-of-potsdam-with-prof-dr-savio-siqueira\/"},"modified":"2022-10-27T12:20:00","modified_gmt":"2022-10-27T10:20:00","slug":"guest-lecture-at-the-university-of-potsdam-with-prof-dr-savio-siqueira","status":"publish","type":"post","link":"https:\/\/redico.eu\/de\/guest-lecture-at-the-university-of-potsdam-with-prof-dr-savio-siqueira\/","title":{"rendered":"Gastvortrag an der Universit\u00e4t Potsdam mit Prof. Dr. S\u00e1vio Siqueira"},"content":{"rendered":"<p>[et_pb_section fb_built=&#8220;1&#8243; _builder_version=&#8220;4.16&#8243; _module_preset=&#8220;default&#8220; global_colors_info=&#8220;{}&#8220;][et_pb_row _builder_version=&#8220;4.16&#8243; _module_preset=&#8220;default&#8220; global_colors_info=&#8220;{}&#8220;][et_pb_column type=&#8220;4_4&#8243; _builder_version=&#8220;4.16&#8243; _module_preset=&#8220;default&#8220; global_colors_info=&#8220;{}&#8220;][et_pb_text _builder_version=&#8220;4.18.0&#8243; _module_preset=&#8220;default&#8220; text_font=&#8220;|300|on||||||&#8220; text_font_size=&#8220;10px&#8220; locked=&#8220;off&#8220; global_colors_info=&#8220;{}&#8220;]<\/p>\n<p>Quelle: ReDICo<\/p>\n<p>[\/et_pb_text][et_pb_text _builder_version=&#8220;4.18.0&#8243; _module_preset=&#8220;default&#8220; hover_enabled=&#8220;0&#8243; global_colors_info=&#8220;{}&#8220; sticky_enabled=&#8220;0&#8243;]<\/p>\n<p class=\"p1\"><b>Gastvortrag an der Universit\u00e4t Potsdam &#8211; ELF-Forschung in brasilianischen Kontexten mit Prof. Dr. S\u00e1vio Siqueira<\/b><\/p>\n<p class=\"p1\">Das ReDICo-Team der Universit\u00e4t Potsdam freut sich, den Vortrag &#8222;English as a Lingua Franca made in Brazil: decolonizing and expanding ELF research and practice in Freire&#8217;s homeland&#8220; ank\u00fcndigen zu k\u00f6nnen, der in Zusammenarbeit mit dem Lehrstuhl f\u00fcr Variation und Entwicklung der englischen Sprache organisiert wird. Der von der F\u00f6rderlinie KoUP der Universit\u00e4t Potsdam gef\u00f6rderte Gastvortrag wird von Prof. Dr. S\u00e1vio Siqueira, au\u00dferordentlicher Professor an der Universit\u00e4t von Bahia (Salvador, Brasilien), gehalten. Die Veranstaltung findet vor Ort am 1. November 2022 um 16 Uhr an der Universit\u00e4t Potsdam (Campus Neues Palais) statt und wird aufgezeichnet und online auf dem<a href=\"https:\/\/www.youtube.com\/channel\/UCRITKUSD6xxsoyoiBcP5Fjg\" target=\"_blank\" rel=\"noopener\"> ReDICo YouTube-Kanal<\/a> zur Verf\u00fcgung gestellt.<span class=\"s1\"><br \/><\/span>Wie der Titel des Vortrags schon andeutet, wird es um &#8222;ELF made in Brazil&#8220; gehen, <span class=\"s2\">das Prof. Siqueira als eine kritische Bewegung definiert, die f\u00fcr neue Wege des Englischunterrichts unter dekolonialen Gesichtspunkten pl\u00e4diert. Die Bewegung orientiert sich an den Pr\u00e4missen der so genannten Epistemologien des S\u00fcdens, die Kritikalit\u00e4t und Lokalit\u00e4t in den Mittelpunkt der Debatte stellen und einen epistemischen Ungehorsam und eine Abkehr von westlich-zentrierten Sichtweisen fordern.<\/span><span class=\"s1\"><br \/><\/span>Die Einladung richtet sich an alle Studierenden und Kolleg*innen, die sich f\u00fcr Didaktik, ELF-Unterricht und postkoloniale Studien interessieren.<\/p>\n<p class=\"p1\"><b>Wann?<\/b> 1. November 2022 &#8211; 16-17 Uhr (CET)<\/p>\n<p class=\"p1\"><b>Wo?<\/b> Potsdam &#8211; Campus Neues Palais, Haus 8, Raum 0.64<\/p>\n<p>\u200b<\/p>\n<p>[\/et_pb_text][\/et_pb_column][\/et_pb_row][\/et_pb_section]<\/p>\n","protected":false},"excerpt":{"rendered":"<p>Das ReDICo-Team der Universit\u00e4t Potsdam freut sich, den Vortrag &#8222;English as a Lingua Franca made in Brazil: decolonizing and expanding ELF research and practice in Freire&#8217;s homeland&#8220; ank\u00fcndigen zu k\u00f6nnen.<br \/>\nWann? 1. November 2022 &#8211; 16-17 Uhr (CET)<br \/>\nWo? Potsdam &#8211; Campus Neues Palais, Haus 8, Raum 0.64<\/p>\n","protected":false},"author":4,"featured_media":2808,"comment_status":"closed","ping_status":"closed","sticky":false,"template":"","format":"standard","meta":{"_et_pb_use_builder":"on","_et_pb_old_content":"","_et_gb_content_width":"","footnotes":""},"categories":[10],"tags":[],"_links":{"self":[{"href":"https:\/\/redico.eu\/de\/wp-json\/wp\/v2\/posts\/2813"}],"collection":[{"href":"https:\/\/redico.eu\/de\/wp-json\/wp\/v2\/posts"}],"about":[{"href":"https:\/\/redico.eu\/de\/wp-json\/wp\/v2\/types\/post"}],"author":[{"embeddable":true,"href":"https:\/\/redico.eu\/de\/wp-json\/wp\/v2\/users\/4"}],"replies":[{"embeddable":true,"href":"https:\/\/redico.eu\/de\/wp-json\/wp\/v2\/comments?post=2813"}],"version-history":[{"count":13,"href":"https:\/\/redico.eu\/de\/wp-json\/wp\/v2\/posts\/2813\/revisions"}],"predecessor-version":[{"id":2833,"href":"https:\/\/redico.eu\/de\/wp-json\/wp\/v2\/posts\/2813\/revisions\/2833"}],"wp:featuredmedia":[{"embeddable":true,"href":"https:\/\/redico.eu\/de\/wp-json\/wp\/v2\/media\/2808"}],"wp:attachment":[{"href":"https:\/\/redico.eu\/de\/wp-json\/wp\/v2\/media?parent=2813"}],"wp:term":[{"taxonomy":"category","embeddable":true,"href":"https:\/\/redico.eu\/de\/wp-json\/wp\/v2\/categories?post=2813"},{"taxonomy":"post_tag","embeddable":true,"href":"https:\/\/redico.eu\/de\/wp-json\/wp\/v2\/tags?post=2813"}],"curies":[{"name":"wp","href":"https:\/\/api.w.org\/{rel}","templated":true}]}}