{"id":5379,"date":"2025-07-25T15:25:54","date_gmt":"2025-07-25T13:25:54","guid":{"rendered":"https:\/\/redico.eu\/?p=5379"},"modified":"2025-10-01T09:57:01","modified_gmt":"2025-10-01T07:57:01","slug":"eroeffnung-des-centre-for-digital-interculturality-studies-und-konferenz-interkulturalitaet-neu-imaginieren-relationen-komplexitaeten-und-digitalitaet","status":"publish","type":"post","link":"https:\/\/redico.eu\/de\/eroeffnung-des-centre-for-digital-interculturality-studies-und-konferenz-interkulturalitaet-neu-imaginieren-relationen-komplexitaeten-und-digitalitaet\/","title":{"rendered":"Er\u00f6ffnung des Centre for Digital Interculturality Studies &#038; Konferenz \u201eInterkulturalit\u00e4t neu imaginieren: Relationen, Komplexit\u00e4ten und Digitalit\u00e4t\u201d"},"content":{"rendered":"<p>Wir freuen uns, Sie zu einer besonderen Veranstaltung einzuladen, die am 25. September 2025 an der Friedrich-Schiller-Universit\u00e4t in Jena und online stattfinden wird.<br \/>\nVon 9:00 bis 17:30 Uhr findet die Konferenz \u201eInterkulturalit\u00e4t neu imaginieren: Relationen, Komplexit\u00e4ten und Digitalit\u00e4t\u201d statt, die ReDICo gemeinsam mit dem Hochschulverband f\u00fcr Interkulturelle Studien (IKS), Interculture.de e.V. und der Juniorprofessur Interkulturelle Praxis mit Schwerpunkt Digitale Kulturen an der Technischen Universit\u00e4t Chemnitz organisiert. Die wissenschaftliche Fachtagung bringt Expert*innen aus Forschung und Praxis zusammen, um interkulturelle Kompetenz, transkulturelles Lernen und kulturelle Komplexit\u00e4t im Kontext globaler und postdigitaler Umbr\u00fcche neu zu denken. Gleichzeitig w\u00fcrdigt die Tagung das Wirken von Prof. Dr. J\u00fcrgen Bolten (1958\u20132023) als Pionier und Vision\u00e4r der interkulturellen Wissenschaft. Freuen Sie sich auf wissenschaftliche Impulse, interdisziplin\u00e4ren Dialog, Zeit zum Gedankenaustausch und f\u00fcr Interaktion. <\/p>\n<p>Ab 18:00 Uhr feiern wir mit Abendessen und musikalischer Begleitung die Er\u00f6ffnung des neuen Centre for Digital Interculturality Studies, das als Forschungszentrum f\u00fcr nationale und internationale Wissenschaftler*innen im Bereich der Digital Interculturality Studies dienen wird.   <\/p>\n<p>Wir w\u00fcrden uns sehr freuen, Sie auf der Konferenz und zur Er\u00f6ffnungsfeier begr\u00fc\u00dfen zu d\u00fcrfen. Die Veranstaltung wird unter anderem vom Bundesministerium f\u00fcr Forschung, Technologie und Raumfahrt (BMFTR) gef\u00f6rdert. Die Teilnahme ist kostenlos.<\/p>\n<p><a class=\"et_pb_button\" href=\"https:\/\/interculture.de\/wp-content\/uploads\/2025\/09\/Programm-ISA_Wissenschaftstag_25-09-2025.pdf\" target=\"_blank\" rel=\"noopener\">Zum Programm und zur kostenfreien Anmeldung<\/a><\/p>\n","protected":false},"excerpt":{"rendered":"<p>Wir freuen uns, Sie zu einer besonderen Veranstaltung einzuladen, die am 25. September 2025 an der Friedrich-Schiller-Universit\u00e4t in Jena und online stattfinden wird. Von 9:00 bis 17:30 Uhr findet die Konferenz \u201eInterkulturalit\u00e4t neu imaginieren: Relationen, Komplexit\u00e4ten und Digitalit\u00e4t\u201d statt, die ReDICo gemeinsam mit dem Hochschulverband f\u00fcr Interkulturelle Studien (IKS), Interculture.de e.V. und der Juniorprofessur Interkulturelle [&hellip;]<\/p>\n","protected":false},"author":4,"featured_media":5486,"comment_status":"open","ping_status":"open","sticky":false,"template":"","format":"standard","meta":{"_et_pb_use_builder":"","_et_pb_old_content":"","_et_gb_content_width":"","footnotes":""},"categories":[10],"tags":[],"_links":{"self":[{"href":"https:\/\/redico.eu\/de\/wp-json\/wp\/v2\/posts\/5379"}],"collection":[{"href":"https:\/\/redico.eu\/de\/wp-json\/wp\/v2\/posts"}],"about":[{"href":"https:\/\/redico.eu\/de\/wp-json\/wp\/v2\/types\/post"}],"author":[{"embeddable":true,"href":"https:\/\/redico.eu\/de\/wp-json\/wp\/v2\/users\/4"}],"replies":[{"embeddable":true,"href":"https:\/\/redico.eu\/de\/wp-json\/wp\/v2\/comments?post=5379"}],"version-history":[{"count":9,"href":"https:\/\/redico.eu\/de\/wp-json\/wp\/v2\/posts\/5379\/revisions"}],"predecessor-version":[{"id":5870,"href":"https:\/\/redico.eu\/de\/wp-json\/wp\/v2\/posts\/5379\/revisions\/5870"}],"wp:featuredmedia":[{"embeddable":true,"href":"https:\/\/redico.eu\/de\/wp-json\/wp\/v2\/media\/5486"}],"wp:attachment":[{"href":"https:\/\/redico.eu\/de\/wp-json\/wp\/v2\/media?parent=5379"}],"wp:term":[{"taxonomy":"category","embeddable":true,"href":"https:\/\/redico.eu\/de\/wp-json\/wp\/v2\/categories?post=5379"},{"taxonomy":"post_tag","embeddable":true,"href":"https:\/\/redico.eu\/de\/wp-json\/wp\/v2\/tags?post=5379"}],"curies":[{"name":"wp","href":"https:\/\/api.w.org\/{rel}","templated":true}]}}